{"id":1839,"date":"2020-07-06T15:36:14","date_gmt":"2020-07-06T13:36:14","guid":{"rendered":"http:\/\/centrala.org.uk\/pl\/?p=1839"},"modified":"2020-07-06T16:18:56","modified_gmt":"2020-07-06T14:18:56","slug":"dromaderki-marta-frej","status":"publish","type":"post","link":"https:\/\/centrala.org.uk\/pl\/dromaderki-marta-frej\/","title":{"rendered":"Dromaderki, Marta Frej"},"content":{"rendered":"\n<figure class=\"wp-block-image size-large\"><img loading=\"lazy\" decoding=\"async\" width=\"1037\" height=\"1059\" src=\"https:\/\/centrala.org.uk\/pl\/wp-content\/uploads\/sites\/2\/2020\/07\/Dromaderki-okladka.jpg\" alt=\"\" class=\"wp-image-1838\" srcset=\"https:\/\/centrala.org.uk\/pl\/wp-content\/uploads\/sites\/2\/2020\/07\/Dromaderki-okladka.jpg 1037w, https:\/\/centrala.org.uk\/pl\/wp-content\/uploads\/sites\/2\/2020\/07\/Dromaderki-okladka-640x654.jpg 640w, https:\/\/centrala.org.uk\/pl\/wp-content\/uploads\/sites\/2\/2020\/07\/Dromaderki-okladka-220x225.jpg 220w, https:\/\/centrala.org.uk\/pl\/wp-content\/uploads\/sites\/2\/2020\/07\/Dromaderki-okladka-768x784.jpg 768w, https:\/\/centrala.org.uk\/pl\/wp-content\/uploads\/sites\/2\/2020\/07\/Dromaderki-okladka-881x900.jpg 881w, https:\/\/centrala.org.uk\/pl\/wp-content\/uploads\/sites\/2\/2020\/07\/Dromaderki-okladka-210x214.jpg 210w, https:\/\/centrala.org.uk\/pl\/wp-content\/uploads\/sites\/2\/2020\/07\/Dromaderki-okladka-480x490.jpg 480w\" sizes=\"auto, (max-width: 1037px) 100vw, 1037px\" \/><\/figure>\n\n\n\n<p>Historia to nie tylko padnij-powsta\u0144, ale i sprytne szmuglowanie broni i amunicji. W wersji kobiecej dodatkowo zamieszana jest w to moda. Bo polityczne mog\u0105 by\u0107 nawet sukienki, gorsety oraz&#8230;majtki.<\/p>\n\n\n\n<p>Marta Frej&nbsp;w charakterystyczny dla siebie spos\u00f3b: \u017cartobliwy i zaanga\u017cowany, przedstawi\u0142a ciche&nbsp;bohaterki, o kt\u00f3rych zapomnia\u0142y podr\u0119czniki.<\/p>\n\n\n\n<p>Sylwia Chutnik<\/p>\n\n\n\n<div class=\"wp-block-cover has-background-dim\" style=\"background-image:url(https:\/\/centrala.org.uk\/pl\/wp-content\/uploads\/sites\/2\/2020\/07\/Dromaderki-okladka.jpg)\"><div class=\"wp-block-cover__inner-container is-layout-flow wp-block-cover-is-layout-flow\">\n<p class=\"has-text-align-center has-large-font-size\"><\/p>\n<\/div><\/div>\n","protected":false},"excerpt":{"rendered":"<p>Marta Frej o bojowniczkach o niepodleg\u0142o\u015b\u0107<\/p>\n","protected":false},"author":2,"featured_media":1847,"comment_status":"closed","ping_status":"open","sticky":false,"template":"","format":"standard","meta":{"_acf_changed":false,"footnotes":""},"categories":[1,15,246],"tags":[9926,9924,9925,9923],"class_list":["post-1839","post","type-post","status-publish","format-standard","has-post-thumbnail","hentry","category-bez-kategorii","category-centrala","category-news","tag-bitwa-warszawaska","tag-historia-kobiet","tag-historia-polski","tag-marta-frej"],"acf":[],"_links":{"self":[{"href":"https:\/\/centrala.org.uk\/pl\/wp-json\/wp\/v2\/posts\/1839","targetHints":{"allow":["GET"]}}],"collection":[{"href":"https:\/\/centrala.org.uk\/pl\/wp-json\/wp\/v2\/posts"}],"about":[{"href":"https:\/\/centrala.org.uk\/pl\/wp-json\/wp\/v2\/types\/post"}],"author":[{"embeddable":true,"href":"https:\/\/centrala.org.uk\/pl\/wp-json\/wp\/v2\/users\/2"}],"replies":[{"embeddable":true,"href":"https:\/\/centrala.org.uk\/pl\/wp-json\/wp\/v2\/comments?post=1839"}],"version-history":[{"count":7,"href":"https:\/\/centrala.org.uk\/pl\/wp-json\/wp\/v2\/posts\/1839\/revisions"}],"predecessor-version":[{"id":1850,"href":"https:\/\/centrala.org.uk\/pl\/wp-json\/wp\/v2\/posts\/1839\/revisions\/1850"}],"wp:featuredmedia":[{"embeddable":true,"href":"https:\/\/centrala.org.uk\/pl\/wp-json\/wp\/v2\/media\/1847"}],"wp:attachment":[{"href":"https:\/\/centrala.org.uk\/pl\/wp-json\/wp\/v2\/media?parent=1839"}],"wp:term":[{"taxonomy":"category","embeddable":true,"href":"https:\/\/centrala.org.uk\/pl\/wp-json\/wp\/v2\/categories?post=1839"},{"taxonomy":"post_tag","embeddable":true,"href":"https:\/\/centrala.org.uk\/pl\/wp-json\/wp\/v2\/tags?post=1839"}],"curies":[{"name":"wp","href":"https:\/\/api.w.org\/{rel}","templated":true}]}}