{"id":1857,"date":"2020-07-06T16:52:05","date_gmt":"2020-07-06T14:52:05","guid":{"rendered":"http:\/\/centrala.org.uk\/pl\/?p=1857"},"modified":"2020-07-16T15:47:11","modified_gmt":"2020-07-16T13:47:11","slug":"ciemnosci-smalandii","status":"publish","type":"post","link":"https:\/\/centrala.org.uk\/pl\/ciemnosci-smalandii\/","title":{"rendered":"Ciemno\u015bci Smalandii"},"content":{"rendered":"\n<p>Erik dorasta w szwedzkiej Smalandii, w miasteczku N\u00e4ssj\u00f6, dawniej stanowi\u0105cym wa\u017cny kolejowy w\u0119ze\u0142 komunikacyjny a dzi\u015b powoli niszczej\u0105cym. \u017beby wype\u0142ni\u0107 pustk\u0119 i zwalczy\u0107 marazm Erik rysuje autobiograficzne komiksy i publikuje je w swoim fanzinie pod tytu\u0142em Twarz. Pomi\u0119dzy pierwszym a ostatnim numerem w jego \u017cyciu zachodz\u0105 du\u017ce zmiany. Nastolatek wkracza w doros\u0142o\u015b\u0107, do\u015bwiadczaj\u0105c przyja\u017ani, mi\u0142o\u015bci, rozczarowa\u0144 i przemocy.&nbsp;<\/p>\n\n\n\n<p>W swojej epickiej powie\u015bci graficznej Henrik Bromander przesuwa granice tego, czym mo\u017ce by\u0107 komiks. Ciemno\u015bci Smalandii to celebracja uzdrawiaj\u0105cej mocy tw\u00f3rczej oraz niepokoj\u0105ca diagnoza wsp\u00f3\u0142czesno\u015bci prosto z Europy P\u00f3\u0142nocnej, gdzie polityczne wiatry s\u0105 coraz zimniejsze.<\/p>\n\n\n\n<p><br>Mroczna opowie\u015b\u0107 o brutalno\u015bci spo\u0142ecze\u0144stwa klasowego.<br>Kristina Lindquist, Dagens Nyheter<br><br>Genialny. Realistyczna surowo\u015b\u0107 czyni \u201dCiemno\u015bci\u2026\u201d ci\u0105gle szokuj\u0105co aktualn\u0105 i psychicznie wyczerpuj\u0105c\u0105 lektur\u0105.<br>Christoffer R\u00f6stlund Jonsson, Aftonbladet<\/p>\n\n\n\n<p>Nareszcie powie\u015b\u0107 graficzna, kt\u00f3ra tak bezlito\u015bnie obrazuje spo\u0142ecze\u0144stwo, w kt\u00f3rym \u017cyjemy.<br>Agnes Arpi, G\u00f6teborgs-Posten<\/p>\n\n\n\n<p>Ciemno\u015bci Smalandii dosta\u0142y w 2012 roku nagrod\u0119 Prapsa (Urhundenpriset) za najlepszy szwedzki komiks a w 2014 roku trafi\u0142y na deski teatru Regionteatern Blekinge Kronoberg.<\/p>\n","protected":false},"excerpt":{"rendered":"<p>\u201dCiemno\u015bci Smalandii\u201d Bromandera powinny by\u0107 zawarte w programie nauczania o demokracji w liceum. To jedna z najbardziej przychylnych ocen, jak\u0105 czyja\u015b powie\u015b\u0107 mo\u017ce ode mnie otrzyma\u0107.<br \/>\nIvar Andersen, Arbetaren <\/p>\n","protected":false},"author":2,"featured_media":1856,"comment_status":"closed","ping_status":"open","sticky":false,"template":"","format":"standard","meta":{"_acf_changed":false,"footnotes":""},"categories":[15,246],"tags":[9940,9939,9938,9937],"class_list":["post-1857","post","type-post","status-publish","format-standard","has-post-thumbnail","hentry","category-centrala","category-news","tag-obyczajowe","tag-polityczne","tag-skandynawskie","tag-szwedzkie"],"acf":[],"_links":{"self":[{"href":"https:\/\/centrala.org.uk\/pl\/wp-json\/wp\/v2\/posts\/1857","targetHints":{"allow":["GET"]}}],"collection":[{"href":"https:\/\/centrala.org.uk\/pl\/wp-json\/wp\/v2\/posts"}],"about":[{"href":"https:\/\/centrala.org.uk\/pl\/wp-json\/wp\/v2\/types\/post"}],"author":[{"embeddable":true,"href":"https:\/\/centrala.org.uk\/pl\/wp-json\/wp\/v2\/users\/2"}],"replies":[{"embeddable":true,"href":"https:\/\/centrala.org.uk\/pl\/wp-json\/wp\/v2\/comments?post=1857"}],"version-history":[{"count":7,"href":"https:\/\/centrala.org.uk\/pl\/wp-json\/wp\/v2\/posts\/1857\/revisions"}],"predecessor-version":[{"id":1867,"href":"https:\/\/centrala.org.uk\/pl\/wp-json\/wp\/v2\/posts\/1857\/revisions\/1867"}],"wp:featuredmedia":[{"embeddable":true,"href":"https:\/\/centrala.org.uk\/pl\/wp-json\/wp\/v2\/media\/1856"}],"wp:attachment":[{"href":"https:\/\/centrala.org.uk\/pl\/wp-json\/wp\/v2\/media?parent=1857"}],"wp:term":[{"taxonomy":"category","embeddable":true,"href":"https:\/\/centrala.org.uk\/pl\/wp-json\/wp\/v2\/categories?post=1857"},{"taxonomy":"post_tag","embeddable":true,"href":"https:\/\/centrala.org.uk\/pl\/wp-json\/wp\/v2\/tags?post=1857"}],"curies":[{"name":"wp","href":"https:\/\/api.w.org\/{rel}","templated":true}]}}